{"id":1656,"date":"2023-01-09T22:17:28","date_gmt":"2023-01-09T21:17:28","guid":{"rendered":"https:\/\/www.lecrideloeuf.net\/?p=1656"},"modified":"2023-01-26T08:24:58","modified_gmt":"2023-01-26T07:24:58","slug":"assemblee-generale","status":"publish","type":"post","link":"https:\/\/www.lecrideloeuf.net\/index.php\/2023\/01\/09\/assemblee-generale\/","title":{"rendered":"Assembl\u00e9e g\u00e9n\u00e9rale"},"content":{"rendered":"\n<div class=\"wp-block-columns is-layout-flex wp-container-core-columns-is-layout-9d6595d7 wp-block-columns-is-layout-flex\">\n<div class=\"wp-block-column is-layout-flow wp-block-column-is-layout-flow\" style=\"flex-basis:25%\">\n<figure class=\"wp-block-image size-large is-resized\"><img loading=\"lazy\" decoding=\"async\" src=\"https:\/\/www.lecrideloeuf.net\/wp-content\/uploads\/2023\/01\/ic-et-animation-coll-837x1024.png\" alt=\"\" class=\"wp-image-1657\" width=\"214\" height=\"261\" srcset=\"https:\/\/www.lecrideloeuf.net\/wp-content\/uploads\/2023\/01\/ic-et-animation-coll-837x1024.png 837w, https:\/\/www.lecrideloeuf.net\/wp-content\/uploads\/2023\/01\/ic-et-animation-coll-245x300.png 245w, https:\/\/www.lecrideloeuf.net\/wp-content\/uploads\/2023\/01\/ic-et-animation-coll-768x939.png 768w, https:\/\/www.lecrideloeuf.net\/wp-content\/uploads\/2023\/01\/ic-et-animation-coll-1256x1536.png 1256w, https:\/\/www.lecrideloeuf.net\/wp-content\/uploads\/2023\/01\/ic-et-animation-coll-1674x2048.png 1674w, https:\/\/www.lecrideloeuf.net\/wp-content\/uploads\/2023\/01\/ic-et-animation-coll.png 1792w\" sizes=\"auto, (max-width: 214px) 100vw, 214px\" \/><\/figure>\n<\/div>\n\n\n\n<div class=\"wp-block-column is-layout-flow wp-block-column-is-layout-flow\" style=\"flex-basis:75%\">\n<p><strong>Mercredi 25 janvier 2023, \u00e0 partir de 19h30<\/strong>, nous vous invitons pour notre premi\u00e8re Assembl\u00e9e G\u00e9n\u00e9rale Ordinaire. Elle est ouverte \u00e0 tous et toutes. Si vous souhaitez cependant adh\u00e9rer avant l&rsquo;Assembl\u00e9e G\u00e9n\u00e9rale, toutes les infos sont sur <a href=\"https:\/\/www.lecrideloeuf.net\/index.php\/adhesion\/\" data-type=\"page\" data-id=\"1027\">cette page.<\/a><\/p>\n\n\n\n<p>Si l&rsquo;association a \u00e9t\u00e9 cr\u00e9\u00e9e le 6 juin 2022, cela fait un an que nous travaillons \u00e0 cette cr\u00e9ation. Une petite ann\u00e9e mais avec \u00e0 notre actif de belles actions prometteuses que nous seront heureux et heureuses de vous pr\u00e9senter. De nombreux partenariats ont \u00e9t\u00e9 nou\u00e9s et pr\u00e9sage d&rsquo;une ann\u00e9e 2023 bien charg\u00e9e. <\/p>\n\n\n\n<p>Rendez-vous mercredi 25 janvier \u00e0 19h30 \u00e0 la salle des Pap\u00e8teries, 25 avenue des harmonies derri\u00e8re l&rsquo;\u00e9cole Ren\u00e9 Cassin, en face de la maison des associations, pour une temps d&rsquo;\u00e9changes informels autour de grignotage et d&rsquo;un petit verre.<\/p>\n<\/div>\n<\/div>\n\n\n\n<p>L&rsquo;assembl\u00e9e g\u00e9n\u00e9rale se d\u00e9roulera \u00e0 partir de 20h30 avec \u00e0 l&rsquo;ordre du jour : <\/p>\n\n\n\n<ul class=\"wp-block-list\">\n<li>Pr\u00e9sentation des rapports d&rsquo;activit\u00e9s, financier et moral de cette ann\u00e9e 2022<\/li>\n\n\n\n<li>Approbation des 3 rapports<\/li>\n\n\n\n<li>\u00c9lection des administrateurs et administratrices<\/li>\n\n\n\n<li>Questions diverses<\/li>\n<\/ul>\n\n\n\n<p class=\"has-white-color has-text-color\">.<\/p>\n\n\n\n<div class=\"wp-block-columns is-layout-flex wp-container-core-columns-is-layout-9d6595d7 wp-block-columns-is-layout-flex\">\n<div class=\"wp-block-column is-layout-flow wp-block-column-is-layout-flow\" style=\"flex-basis:66.66%\">\n<p>Si vous \u00eates adh\u00e9rent\u00b7es et que vous ne pouvez pas \u00eatre pr\u00e9sent\u00b7es vous pouvez nous faire parvenir un pouvoir t\u00e9l\u00e9chargeable ci-dessous. <\/p>\n<\/div>\n\n\n\n<div class=\"wp-block-column is-layout-flow wp-block-column-is-layout-flow\" style=\"flex-basis:33.33%\">\n<div class=\"wp-block-file\"><a id=\"wp-block-file--media-4a46c97e-9332-4465-a76d-cce2fb233494\" href=\"https:\/\/www.lecrideloeuf.net\/wp-content\/uploads\/2023\/01\/pourvoir-pour-assemblee-generale.docx\">pourvoir-pour-assemblee-generale<\/a><a href=\"https:\/\/www.lecrideloeuf.net\/wp-content\/uploads\/2023\/01\/pourvoir-pour-assemblee-generale.docx\" class=\"wp-block-file__button wp-element-button\" download aria-describedby=\"wp-block-file--media-4a46c97e-9332-4465-a76d-cce2fb233494\">T\u00e9l\u00e9charger<\/a><\/div>\n<\/div>\n<\/div>\n\n\n\n<div data-wp-interactive=\"core\/file\" class=\"wp-block-file\"><object data-wp-bind--hidden=\"!state.hasPdfPreview\" hidden class=\"wp-block-file__embed\" data=\"https:\/\/www.lecrideloeuf.net\/wp-content\/uploads\/2023\/01\/Le-Cri-de-loeuf-Rapport-dactivites-2022-final-V1.pdf\" type=\"application\/pdf\" style=\"width:100%;height:600px\" aria-label=\"Contenu embarqu\u00e9 Le-Cri-de-loeuf-Rapport-dactivites-2022-final-V1.\"><\/object><a id=\"wp-block-file--media-dabe189f-5a9c-40fe-a87c-d5bab8403df8\" href=\"https:\/\/www.lecrideloeuf.net\/wp-content\/uploads\/2023\/01\/Le-Cri-de-loeuf-Rapport-dactivites-2022-final-V1.pdf\">Le-Cri-de-loeuf-Rapport-dactivites-2022-final-V1<\/a><a href=\"https:\/\/www.lecrideloeuf.net\/wp-content\/uploads\/2023\/01\/Le-Cri-de-loeuf-Rapport-dactivites-2022-final-V1.pdf\" class=\"wp-block-file__button wp-element-button\" download aria-describedby=\"wp-block-file--media-dabe189f-5a9c-40fe-a87c-d5bab8403df8\">T\u00e9l\u00e9charger<\/a><\/div>\n\n\n\n<p>Dans l&rsquo;attente de se voir.<\/p>\n\n\n\n<p>A bient&rsquo;oeuf !<\/p>\n","protected":false},"excerpt":{"rendered":"<p>Mercredi 25 janvier 2023, \u00e0 partir de 19h30, nous vous invitons pour notre premi\u00e8re Assembl\u00e9e G\u00e9n\u00e9rale Ordinaire. Elle est ouverte \u00e0 tous et toutes. Si [&hellip;]<\/p>\n","protected":false},"author":1,"featured_media":1657,"comment_status":"closed","ping_status":"closed","sticky":false,"template":"","format":"standard","meta":{"_themeisle_gutenberg_block_has_review":false,"footnotes":""},"categories":[1],"tags":[],"class_list":["post-1656","post","type-post","status-publish","format-standard","has-post-thumbnail","hentry","category-non-classe"],"_links":{"self":[{"href":"https:\/\/www.lecrideloeuf.net\/index.php\/wp-json\/wp\/v2\/posts\/1656","targetHints":{"allow":["GET"]}}],"collection":[{"href":"https:\/\/www.lecrideloeuf.net\/index.php\/wp-json\/wp\/v2\/posts"}],"about":[{"href":"https:\/\/www.lecrideloeuf.net\/index.php\/wp-json\/wp\/v2\/types\/post"}],"author":[{"embeddable":true,"href":"https:\/\/www.lecrideloeuf.net\/index.php\/wp-json\/wp\/v2\/users\/1"}],"replies":[{"embeddable":true,"href":"https:\/\/www.lecrideloeuf.net\/index.php\/wp-json\/wp\/v2\/comments?post=1656"}],"version-history":[{"count":14,"href":"https:\/\/www.lecrideloeuf.net\/index.php\/wp-json\/wp\/v2\/posts\/1656\/revisions"}],"predecessor-version":[{"id":1696,"href":"https:\/\/www.lecrideloeuf.net\/index.php\/wp-json\/wp\/v2\/posts\/1656\/revisions\/1696"}],"wp:featuredmedia":[{"embeddable":true,"href":"https:\/\/www.lecrideloeuf.net\/index.php\/wp-json\/wp\/v2\/media\/1657"}],"wp:attachment":[{"href":"https:\/\/www.lecrideloeuf.net\/index.php\/wp-json\/wp\/v2\/media?parent=1656"}],"wp:term":[{"taxonomy":"category","embeddable":true,"href":"https:\/\/www.lecrideloeuf.net\/index.php\/wp-json\/wp\/v2\/categories?post=1656"},{"taxonomy":"post_tag","embeddable":true,"href":"https:\/\/www.lecrideloeuf.net\/index.php\/wp-json\/wp\/v2\/tags?post=1656"}],"curies":[{"name":"wp","href":"https:\/\/api.w.org\/{rel}","templated":true}]}}