{"id":1971,"date":"2023-09-11T17:57:47","date_gmt":"2023-09-11T15:57:47","guid":{"rendered":"https:\/\/www.lecrideloeuf.net\/?p=1971"},"modified":"2023-09-11T17:57:47","modified_gmt":"2023-09-11T15:57:47","slug":"fete-des-possibles","status":"publish","type":"post","link":"https:\/\/www.lecrideloeuf.net\/index.php\/2023\/09\/11\/fete-des-possibles\/","title":{"rendered":"F\u00eate des possibles"},"content":{"rendered":"\n<p>Du 8 au 24 septembre 2023, la F\u00eate des Possibles ce sont des centaines d\u2019\u00e9v\u00e9nements organis\u00e9s chaque ann\u00e9e partout \u00e0 travers la France et la Belgique pour rendre visibles toutes les initiatives citoyennes qui construisent une soci\u00e9t\u00e9 plus durable, humaine et solidaire.<\/p>\n\n\n\n<p>Cette ann\u00e9e, l&rsquo;Accorderie a invit\u00e9 de nombreuses associations \u00e0 se joindre \u00e0 elle pour une journ\u00e9e dans le quartier du Parmelan.<\/p>\n\n\n\n<p>Rejoignez-nous pour cette journ\u00e9e. Le Cri de l&rsquo;oeuf sera l\u00e0 pour cuisiner avec toutes les bonnes volont\u00e9s et sans doute quelques l\u00e9gumes, le repas du midi. <\/p>\n\n\n\n<p>Retrouvez le programme complet ci-dessous.<\/p>\n\n\n\n<div data-wp-interactive=\"core\/file\" class=\"wp-block-file\"><object data-wp-bind--hidden=\"!state.hasPdfPreview\" hidden class=\"wp-block-file__embed\" data=\"https:\/\/www.lecrideloeuf.net\/wp-content\/uploads\/2023\/09\/Fete-des-possibles-1.pdf\" type=\"application\/pdf\" style=\"width:100%;height:600px\" aria-label=\"Contenu embarqu\u00e9 Fete-des-possibles-1.\"><\/object><a id=\"wp-block-file--media-5f9ad7f3-4d78-4276-9ab8-2d9e29d980fd\" href=\"https:\/\/www.lecrideloeuf.net\/wp-content\/uploads\/2023\/09\/Fete-des-possibles-1.pdf\">Fete-des-possibles-1<\/a><a href=\"https:\/\/www.lecrideloeuf.net\/wp-content\/uploads\/2023\/09\/Fete-des-possibles-1.pdf\" class=\"wp-block-file__button wp-element-button\" download aria-describedby=\"wp-block-file--media-5f9ad7f3-4d78-4276-9ab8-2d9e29d980fd\">T\u00e9l\u00e9charger<\/a><\/div>\n","protected":false},"excerpt":{"rendered":"<p>Du 8 au 24 septembre 2023, la F\u00eate des Possibles ce sont des centaines d\u2019\u00e9v\u00e9nements organis\u00e9s chaque ann\u00e9e partout \u00e0 travers la France et la [&hellip;]<\/p>\n","protected":false},"author":1,"featured_media":1922,"comment_status":"closed","ping_status":"open","sticky":false,"template":"","format":"standard","meta":{"_themeisle_gutenberg_block_has_review":false,"footnotes":""},"categories":[1],"tags":[],"class_list":["post-1971","post","type-post","status-publish","format-standard","has-post-thumbnail","hentry","category-non-classe"],"_links":{"self":[{"href":"https:\/\/www.lecrideloeuf.net\/index.php\/wp-json\/wp\/v2\/posts\/1971","targetHints":{"allow":["GET"]}}],"collection":[{"href":"https:\/\/www.lecrideloeuf.net\/index.php\/wp-json\/wp\/v2\/posts"}],"about":[{"href":"https:\/\/www.lecrideloeuf.net\/index.php\/wp-json\/wp\/v2\/types\/post"}],"author":[{"embeddable":true,"href":"https:\/\/www.lecrideloeuf.net\/index.php\/wp-json\/wp\/v2\/users\/1"}],"replies":[{"embeddable":true,"href":"https:\/\/www.lecrideloeuf.net\/index.php\/wp-json\/wp\/v2\/comments?post=1971"}],"version-history":[{"count":1,"href":"https:\/\/www.lecrideloeuf.net\/index.php\/wp-json\/wp\/v2\/posts\/1971\/revisions"}],"predecessor-version":[{"id":1973,"href":"https:\/\/www.lecrideloeuf.net\/index.php\/wp-json\/wp\/v2\/posts\/1971\/revisions\/1973"}],"wp:featuredmedia":[{"embeddable":true,"href":"https:\/\/www.lecrideloeuf.net\/index.php\/wp-json\/wp\/v2\/media\/1922"}],"wp:attachment":[{"href":"https:\/\/www.lecrideloeuf.net\/index.php\/wp-json\/wp\/v2\/media?parent=1971"}],"wp:term":[{"taxonomy":"category","embeddable":true,"href":"https:\/\/www.lecrideloeuf.net\/index.php\/wp-json\/wp\/v2\/categories?post=1971"},{"taxonomy":"post_tag","embeddable":true,"href":"https:\/\/www.lecrideloeuf.net\/index.php\/wp-json\/wp\/v2\/tags?post=1971"}],"curies":[{"name":"wp","href":"https:\/\/api.w.org\/{rel}","templated":true}]}}